{"id":28904,"date":"2026-06-01T16:55:40","date_gmt":"2026-06-01T14:55:40","guid":{"rendered":"https:\/\/www.elbosquegolf.com\/?p=28904"},"modified":"2026-08-25T10:15:08","modified_gmt":"2026-08-25T08:15:08","slug":"asamblea","status":"publish","type":"post","link":"https:\/\/www.elbosquegolf.com\/en\/asamblea\/","title":{"rendered":"Convocatoria Asamblea General Ordinaria"},"content":{"rendered":"<p>Informamos a todos los socios y socias de la <strong>sociedad deportiva CLUB DE GOLF EL BOSQUE<\/strong> de la convocatoria a la\u00a0 <strong>Asamblea General Ordinaria<\/strong>, que se celebrar\u00e1 en el domicilio social del Club, situado en Chiva (Valencia), Carretera Godelleta, km. 4,1, Urbanizaci\u00f3n El Bosque, el pr\u00f3ximo jueves, <strong>18 de junio de 2026, a las 18:45<\/strong>, para tratar y decidir sobre los asuntos relacionados en el Orden del D\u00eda<\/p>\n<p><a href=\"https:\/\/www.elbosquegolf.com\/wp-content\/uploads\/2026\/06\/convocatoria-asamblea-general-2026.pdf\">Convocatoria<\/a><\/p>","protected":false},"excerpt":{"rendered":"<p>Informamos a todos los socios y socias de la sociedad deportiva CLUB DE GOLF EL BOSQUE de la convocatoria a la\u00a0 Asamblea General Ordinaria, que se celebrar\u00e1 en el domicilio social del Club, situado en Chiva (Valencia), Carretera Godelleta, km. 4,1, Urbanizaci\u00f3n El Bosque, el pr\u00f3ximo jueves, 18 de junio de 2026, a las 18:45, para tratar y decidir sobre<\/p>\n<div class=\"h10\"><\/div>\n<p><a class=\"more-link2 flat\" href=\"https:\/\/www.elbosquegolf.com\/en\/asamblea\/\">Read more<\/a><\/p>\n","protected":false},"author":2,"featured_media":0,"comment_status":"closed","ping_status":"closed","sticky":false,"template":"","format":"standard","meta":{"footnotes":""},"categories":[1],"tags":[],"class_list":["post-28904","post","type-post","status-publish","format-standard","hentry","category-sin-categoria"],"aioseo_notices":[],"aioseo_head":"\n\t\t<!-- All in One SEO 5.0.1.1 - aioseo.com -->\n\t<meta name=\"description\" content=\"Consulta la convocatoria de la Asamblea General Ordinaria del Club de Golf El Bosque y conoce la fecha, horario, lugar de celebraci\u00f3n y el orden del d\u00eda.\" \/>\n\t<meta name=\"robots\" content=\"max-image-preview:large\" \/>\n\t<meta name=\"author\" content=\"elbosquec\"\/>\n\t<link rel=\"canonical\" href=\"https:\/\/www.elbosquegolf.com\/en\/asamblea\/\" \/>\n\t<meta name=\"generator\" content=\"All in One SEO (AIOSEO) 5.0.1.1\" \/>\n\t\t<meta property=\"og:locale\" content=\"en_US\" \/>\n\t\t<meta property=\"og:site_name\" content=\"El bosque golf | Club de Golf Valencia\" \/>\n\t\t<meta property=\"og:type\" content=\"article\" \/>\n\t\t<meta property=\"og:title\" content=\"Convocatoria Asamblea General Ordinaria\" \/>\n\t\t<meta property=\"og:description\" content=\"Consulta la convocatoria de la Asamblea General Ordinaria del Club de Golf El Bosque y conoce la fecha, horario, lugar de celebraci\u00f3n y el orden del d\u00eda.\" \/>\n\t\t<meta property=\"og:url\" content=\"https:\/\/www.elbosquegolf.com\/en\/asamblea\/\" \/>\n\t\t<meta property=\"article:published_time\" content=\"2026-06-01T14:55:40+00:00\" \/>\n\t\t<meta property=\"article:modified_time\" content=\"2026-08-25T08:15:08+00:00\" \/>\n\t\t<meta name=\"twitter:card\" content=\"summary_large_image\" \/>\n\t\t<meta name=\"twitter:title\" content=\"Convocatoria Asamblea General Ordinaria\" \/>\n\t\t<meta name=\"twitter:description\" content=\"Consulta la convocatoria de la Asamblea General Ordinaria del Club de Golf El Bosque y conoce la fecha, horario, lugar de celebraci\u00f3n y el orden del d\u00eda.\" \/>\n\t\t<script type=\"application\/ld+json\" class=\"aioseo-schema\">\n\t\t\t{\"@context\":\"https:\\\/\\\/schema.org\",\"@graph\":[{\"@type\":\"Article\",\"@id\":\"https:\\\/\\\/www.elbosquegolf.com\\\/en\\\/asamblea\\\/#article\",\"name\":\"Convocatoria Asamblea General Ordinaria\",\"headline\":\"Convocatoria Asamblea General Ordinaria\",\"author\":{\"@id\":\"https:\\\/\\\/www.elbosquegolf.com\\\/en\\\/author\\\/elbosquec\\\/#author\"},\"publisher\":{\"@id\":\"https:\\\/\\\/www.elbosquegolf.com\\\/en\\\/#organization\"},\"datePublished\":\"2026-06-01T16:55:40+02:00\",\"dateModified\":\"2026-08-25T10:15:08+02:00\",\"inLanguage\":\"en-US\",\"mainEntityOfPage\":{\"@id\":\"https:\\\/\\\/www.elbosquegolf.com\\\/en\\\/asamblea\\\/#webpage\"},\"isPartOf\":{\"@id\":\"https:\\\/\\\/www.elbosquegolf.com\\\/en\\\/asamblea\\\/#webpage\"},\"articleSection\":\"Sin categor\\u00eda\"},{\"@type\":\"BreadcrumbList\",\"@id\":\"https:\\\/\\\/www.elbosquegolf.com\\\/en\\\/asamblea\\\/#breadcrumblist\",\"itemListElement\":[{\"@type\":\"ListItem\",\"@id\":\"https:\\\/\\\/www.elbosquegolf.com\\\/en#listItem\",\"position\":1,\"name\":\"Hogar\",\"item\":\"https:\\\/\\\/www.elbosquegolf.com\\\/en\",\"nextItem\":{\"@type\":\"ListItem\",\"@id\":\"https:\\\/\\\/www.elbosquegolf.com\\\/en\\\/category\\\/sin-categoria\\\/#listItem\",\"name\":\"Sin categor\\u00eda\"}},{\"@type\":\"ListItem\",\"@id\":\"https:\\\/\\\/www.elbosquegolf.com\\\/en\\\/category\\\/sin-categoria\\\/#listItem\",\"position\":2,\"name\":\"Sin categor\\u00eda\",\"item\":\"https:\\\/\\\/www.elbosquegolf.com\\\/en\\\/category\\\/sin-categoria\\\/\",\"nextItem\":{\"@type\":\"ListItem\",\"@id\":\"https:\\\/\\\/www.elbosquegolf.com\\\/en\\\/asamblea\\\/#listItem\",\"name\":\"Convocatoria Asamblea General Ordinaria\"},\"previousItem\":{\"@type\":\"ListItem\",\"@id\":\"https:\\\/\\\/www.elbosquegolf.com\\\/en#listItem\",\"name\":\"Hogar\"}},{\"@type\":\"ListItem\",\"@id\":\"https:\\\/\\\/www.elbosquegolf.com\\\/en\\\/asamblea\\\/#listItem\",\"position\":3,\"name\":\"Convocatoria Asamblea General Ordinaria\",\"previousItem\":{\"@type\":\"ListItem\",\"@id\":\"https:\\\/\\\/www.elbosquegolf.com\\\/en\\\/category\\\/sin-categoria\\\/#listItem\",\"name\":\"Sin categor\\u00eda\"}}]},{\"@type\":\"Organization\",\"@id\":\"https:\\\/\\\/www.elbosquegolf.com\\\/en\\\/#organization\",\"name\":\"El bosque golf\",\"description\":\"Club de Golf Valencia\",\"url\":\"https:\\\/\\\/www.elbosquegolf.com\\\/en\\\/\"},{\"@type\":\"Person\",\"@id\":\"https:\\\/\\\/www.elbosquegolf.com\\\/en\\\/author\\\/elbosquec\\\/#author\",\"url\":\"https:\\\/\\\/www.elbosquegolf.com\\\/en\\\/author\\\/elbosquec\\\/\",\"name\":\"elbosquec\"},{\"@type\":\"WebPage\",\"@id\":\"https:\\\/\\\/www.elbosquegolf.com\\\/en\\\/asamblea\\\/#webpage\",\"url\":\"https:\\\/\\\/www.elbosquegolf.com\\\/en\\\/asamblea\\\/\",\"name\":\"Convocatoria Asamblea General Ordinaria\",\"description\":\"Consulta la convocatoria de la Asamblea General Ordinaria del Club de Golf El Bosque y conoce la fecha, horario, lugar de celebraci\\u00f3n y el orden del d\\u00eda.\",\"inLanguage\":\"en-US\",\"isPartOf\":{\"@id\":\"https:\\\/\\\/www.elbosquegolf.com\\\/en\\\/#website\"},\"breadcrumb\":{\"@id\":\"https:\\\/\\\/www.elbosquegolf.com\\\/en\\\/asamblea\\\/#breadcrumblist\"},\"author\":{\"@id\":\"https:\\\/\\\/www.elbosquegolf.com\\\/en\\\/author\\\/elbosquec\\\/#author\"},\"creator\":{\"@id\":\"https:\\\/\\\/www.elbosquegolf.com\\\/en\\\/author\\\/elbosquec\\\/#author\"},\"datePublished\":\"2026-06-01T16:55:40+02:00\",\"dateModified\":\"2026-08-25T10:15:08+02:00\"},{\"@type\":\"WebSite\",\"@id\":\"https:\\\/\\\/www.elbosquegolf.com\\\/en\\\/#website\",\"url\":\"https:\\\/\\\/www.elbosquegolf.com\\\/en\\\/\",\"name\":\"El bosque\",\"description\":\"Club de Golf Valencia\",\"inLanguage\":\"en-US\",\"publisher\":{\"@id\":\"https:\\\/\\\/www.elbosquegolf.com\\\/en\\\/#organization\"}}]}\n\t\t<\/script>\n\t\t<!-- All in One SEO -->\n\n","aioseo_head_json":{"title":"Convocatoria Asamblea General Ordinaria","description":"Consulta la convocatoria de la Asamblea General Ordinaria del Club de Golf El Bosque y conoce la fecha, horario, lugar de celebraci\u00f3n y el orden del d\u00eda.","canonical_url":"https:\/\/www.elbosquegolf.com\/en\/asamblea\/","robots":"max-image-preview:large","keywords":"","webmasterTools":{"miscellaneous":""},"schema":{"@context":"https:\/\/schema.org","@graph":[{"@type":"Article","@id":"https:\/\/www.elbosquegolf.com\/en\/asamblea\/#article","name":"Convocatoria Asamblea General Ordinaria","headline":"Convocatoria Asamblea General Ordinaria","author":{"@id":"https:\/\/www.elbosquegolf.com\/en\/author\/elbosquec\/#author"},"publisher":{"@id":"https:\/\/www.elbosquegolf.com\/en\/#organization"},"datePublished":"2026-06-01T16:55:40+02:00","dateModified":"2026-08-25T10:15:08+02:00","inLanguage":"en-US","mainEntityOfPage":{"@id":"https:\/\/www.elbosquegolf.com\/en\/asamblea\/#webpage"},"isPartOf":{"@id":"https:\/\/www.elbosquegolf.com\/en\/asamblea\/#webpage"},"articleSection":"Sin categor\u00eda"},{"@type":"BreadcrumbList","@id":"https:\/\/www.elbosquegolf.com\/en\/asamblea\/#breadcrumblist","itemListElement":[{"@type":"ListItem","@id":"https:\/\/www.elbosquegolf.com\/en#listItem","position":1,"name":"Hogar","item":"https:\/\/www.elbosquegolf.com\/en","nextItem":{"@type":"ListItem","@id":"https:\/\/www.elbosquegolf.com\/en\/category\/sin-categoria\/#listItem","name":"Sin categor\u00eda"}},{"@type":"ListItem","@id":"https:\/\/www.elbosquegolf.com\/en\/category\/sin-categoria\/#listItem","position":2,"name":"Sin categor\u00eda","item":"https:\/\/www.elbosquegolf.com\/en\/category\/sin-categoria\/","nextItem":{"@type":"ListItem","@id":"https:\/\/www.elbosquegolf.com\/en\/asamblea\/#listItem","name":"Convocatoria Asamblea General Ordinaria"},"previousItem":{"@type":"ListItem","@id":"https:\/\/www.elbosquegolf.com\/en#listItem","name":"Hogar"}},{"@type":"ListItem","@id":"https:\/\/www.elbosquegolf.com\/en\/asamblea\/#listItem","position":3,"name":"Convocatoria Asamblea General Ordinaria","previousItem":{"@type":"ListItem","@id":"https:\/\/www.elbosquegolf.com\/en\/category\/sin-categoria\/#listItem","name":"Sin categor\u00eda"}}]},{"@type":"Organization","@id":"https:\/\/www.elbosquegolf.com\/en\/#organization","name":"El bosque golf","description":"Club de Golf Valencia","url":"https:\/\/www.elbosquegolf.com\/en\/"},{"@type":"Person","@id":"https:\/\/www.elbosquegolf.com\/en\/author\/elbosquec\/#author","url":"https:\/\/www.elbosquegolf.com\/en\/author\/elbosquec\/","name":"elbosquec"},{"@type":"WebPage","@id":"https:\/\/www.elbosquegolf.com\/en\/asamblea\/#webpage","url":"https:\/\/www.elbosquegolf.com\/en\/asamblea\/","name":"Convocatoria Asamblea General Ordinaria","description":"Consulta la convocatoria de la Asamblea General Ordinaria del Club de Golf El Bosque y conoce la fecha, horario, lugar de celebraci\u00f3n y el orden del d\u00eda.","inLanguage":"en-US","isPartOf":{"@id":"https:\/\/www.elbosquegolf.com\/en\/#website"},"breadcrumb":{"@id":"https:\/\/www.elbosquegolf.com\/en\/asamblea\/#breadcrumblist"},"author":{"@id":"https:\/\/www.elbosquegolf.com\/en\/author\/elbosquec\/#author"},"creator":{"@id":"https:\/\/www.elbosquegolf.com\/en\/author\/elbosquec\/#author"},"datePublished":"2026-06-01T16:55:40+02:00","dateModified":"2026-08-25T10:15:08+02:00"},{"@type":"WebSite","@id":"https:\/\/www.elbosquegolf.com\/en\/#website","url":"https:\/\/www.elbosquegolf.com\/en\/","name":"El bosque","description":"Club de Golf Valencia","inLanguage":"en-US","publisher":{"@id":"https:\/\/www.elbosquegolf.com\/en\/#organization"}}]},"og:locale":"en_US","og:site_name":"El bosque golf | Club de Golf Valencia","og:type":"article","og:title":"Convocatoria Asamblea General Ordinaria","og:description":"Consulta la convocatoria de la Asamblea General Ordinaria del Club de Golf El Bosque y conoce la fecha, horario, lugar de celebraci\u00f3n y el orden del d\u00eda.","og:url":"https:\/\/www.elbosquegolf.com\/en\/asamblea\/","article:published_time":"2026-06-01T14:55:40+00:00","article:modified_time":"2026-08-25T08:15:08+00:00","twitter:card":"summary_large_image","twitter:title":"Convocatoria Asamblea General Ordinaria","twitter:description":"Consulta la convocatoria de la Asamblea General Ordinaria del Club de Golf El Bosque y conoce la fecha, horario, lugar de celebraci\u00f3n y el orden del d\u00eda."},"aioseo_meta_data":{"post_id":"28904","title":"Convocatoria Asamblea General Ordinaria","description":"Consulta la convocatoria de la Asamblea General Ordinaria del Club de Golf El Bosque y conoce la fecha, horario, lugar de celebraci\u00f3n y el orden del d\u00eda.","keywords":null,"keyphrases":{"focus":{"keyphrase":"asamblea","score":91},"additional":[]},"primary_term":null,"canonical_url":null,"og_title":null,"og_description":null,"og_object_type":"default","og_image_type":"default","og_image_url":null,"og_image_width":null,"og_image_height":null,"og_image_custom_url":null,"og_image_custom_fields":null,"og_video":"","og_custom_url":null,"og_article_section":null,"og_article_tags":null,"twitter_use_og":false,"twitter_card":"default","twitter_image_type":"default","twitter_image_url":null,"twitter_image_custom_url":null,"twitter_image_custom_fields":null,"twitter_title":null,"twitter_description":null,"schema":{"blockGraphs":[],"customGraphs":[],"default":{"data":{"Article":[],"Course":[],"Dataset":[],"FAQPage":[],"Movie":[],"Person":[],"Product":[],"ProductReview":[],"Car":[],"Recipe":[],"Service":[],"SoftwareApplication":[],"WebPage":[]},"graphName":"Article","isEnabled":true},"graphs":[]},"schema_type":"default","schema_type_options":null,"pillar_content":false,"robots_default":true,"robots_noindex":false,"robots_noarchive":false,"robots_nosnippet":false,"robots_nofollow":false,"robots_noimageindex":false,"robots_noodp":false,"robots_notranslate":false,"robots_max_snippet":"-1","robots_max_videopreview":"-1","robots_max_imagepreview":"large","priority":null,"frequency":"default","local_seo":null,"breadcrumb_settings":null,"limit_modified_date":false,"ai":{"faqs":[],"keyPoints":[],"schemas":[],"titles":[],"descriptions":[],"socialPosts":{"email":{"subject":"","preview":"","content":""},"linkedin":[],"twitter":[],"facebook":[],"instagram":[]}},"created":"2026-06-01 14:54:47","updated":"2026-08-25 08:17:29","seo_analyzer_scan_date":null,"focus_keyword":"asamblea","additional_keywords":null,"truseo_locale":null},"aioseo_breadcrumb":"<div class=\"aioseo-breadcrumbs\"><span class=\"aioseo-breadcrumb\">\n\t\t\t<a href=\"https:\/\/www.elbosquegolf.com\/en\" title=\"Hogar\">Hogar<\/a>\n\t\t<\/span><span class=\"aioseo-breadcrumb-separator\">&raquo;<\/span><span class=\"aioseo-breadcrumb\">\n\t\t\t<a href=\"https:\/\/www.elbosquegolf.com\/en\/category\/sin-categoria\/\" title=\"Sin categor\u00eda\">Sin categor\u00eda<\/a>\n\t\t<\/span><span class=\"aioseo-breadcrumb-separator\">&raquo;<\/span><span class=\"aioseo-breadcrumb\">\n\t\t\tConvocatoria Asamblea General Ordinaria\n\t\t<\/span><\/div>","aioseo_breadcrumb_json":[{"label":"Hogar","link":"https:\/\/www.elbosquegolf.com\/en"},{"label":"Sin categor\u00eda","link":"https:\/\/www.elbosquegolf.com\/en\/category\/sin-categoria\/"},{"label":"Convocatoria Asamblea General Ordinaria","link":"https:\/\/www.elbosquegolf.com\/en\/asamblea\/"}],"_links":{"self":[{"href":"https:\/\/www.elbosquegolf.com\/en\/wp-json\/wp\/v2\/posts\/28904","targetHints":{"allow":["GET"]}}],"collection":[{"href":"https:\/\/www.elbosquegolf.com\/en\/wp-json\/wp\/v2\/posts"}],"about":[{"href":"https:\/\/www.elbosquegolf.com\/en\/wp-json\/wp\/v2\/types\/post"}],"author":[{"embeddable":true,"href":"https:\/\/www.elbosquegolf.com\/en\/wp-json\/wp\/v2\/users\/2"}],"replies":[{"embeddable":true,"href":"https:\/\/www.elbosquegolf.com\/en\/wp-json\/wp\/v2\/comments?post=28904"}],"version-history":[{"count":6,"href":"https:\/\/www.elbosquegolf.com\/en\/wp-json\/wp\/v2\/posts\/28904\/revisions"}],"predecessor-version":[{"id":29100,"href":"https:\/\/www.elbosquegolf.com\/en\/wp-json\/wp\/v2\/posts\/28904\/revisions\/29100"}],"wp:attachment":[{"href":"https:\/\/www.elbosquegolf.com\/en\/wp-json\/wp\/v2\/media?parent=28904"}],"wp:term":[{"taxonomy":"category","embeddable":true,"href":"https:\/\/www.elbosquegolf.com\/en\/wp-json\/wp\/v2\/categories?post=28904"},{"taxonomy":"post_tag","embeddable":true,"href":"https:\/\/www.elbosquegolf.com\/en\/wp-json\/wp\/v2\/tags?post=28904"}],"curies":[{"name":"wp","href":"https:\/\/api.w.org\/{rel}","templated":true}]}}