{"id":25337,"date":"2020-09-21T18:12:26","date_gmt":"2020-09-21T16:12:26","guid":{"rendered":"https:\/\/www.elbosquegolf.com\/?p=25337"},"modified":"2020-09-21T18:12:29","modified_gmt":"2020-09-21T16:12:29","slug":"paco-gavilan-se-proclama-campeon-infantil-de-la-comunidad-valenciana","status":"publish","type":"post","link":"https:\/\/www.elbosquegolf.com\/en\/paco-gavilan-se-proclama-campeon-infantil-de-la-comunidad-valenciana\/","title":{"rendered":"Paco Gavil\u00e1n se proclama campe\u00f3n infantil de la Comunidad Valenciana"},"content":{"rendered":"\n<p>El pasado fin de semana se celebr\u00f3 el\u00a0<strong>XLII Campeonato Juvenil de la Comunidad Valenciana-Diputaci\u00f3n de Alicante<\/strong> en\u00a0<strong>La Finca Golf (Algorfa, Alicante)<\/strong>. Nuestro jugador, Paco Gavil\u00e1n, consigui\u00f3 alzarse con el t\u00edtulo de la categor\u00eda sub 14 tras disputar una gran \u00faltima jornada en la que part\u00eda en segunda posici\u00f3n.  El valenciano, afront\u00f3 la ronda final a tan solo un golpe del liderato, repiti\u00f3 el 73 del d\u00eda anterior y, con +2 en el total, se hizo con la primera plaza. <\/p>\n\n\n\n<p> Fin de semana de mucho talento el que se ha vivido en La Finca Golf, en el que el tiempo y el campo, impecable, han estado de lado de los jugadores. Los m\u00e1s j\u00f3venes de la federaci\u00f3n han demostrado, una vez m\u00e1s, sus habilidades.<\/p>\n\n\n\n<p>Desde el Club de Golf El Bosque queremos dar la enhorabuena a Paco por este t\u00edtulo que se suma al que consigui\u00f3 el a\u00f1o pasado en el campeonato interclub infantil de Espa\u00f1a. <\/p>\n","protected":false},"excerpt":{"rendered":"<p>El pasado fin de semana se celebr\u00f3 el\u00a0XLII Campeonato Juvenil de la Comunidad Valenciana-Diputaci\u00f3n de Alicante en\u00a0La Finca Golf (Algorfa, Alicante). Nuestro jugador, Paco Gavil\u00e1n, consigui\u00f3 alzarse con el t\u00edtulo de la categor\u00eda sub 14 tras disputar una gran \u00faltima jornada en la que part\u00eda en segunda posici\u00f3n. El valenciano, afront\u00f3 la ronda final a tan solo un golpe del<\/p>\n<div class=\"h10\"><\/div>\n<p><a class=\"more-link2 flat\" href=\"https:\/\/www.elbosquegolf.com\/en\/paco-gavilan-se-proclama-campeon-infantil-de-la-comunidad-valenciana\/\">Read more<\/a><\/p>\n","protected":false},"author":2,"featured_media":25338,"comment_status":"closed","ping_status":"closed","sticky":false,"template":"","format":"standard","meta":{"footnotes":""},"categories":[31,32],"tags":[66,42,65,64],"class_list":["post-25337","post","type-post","status-publish","format-standard","has-post-thumbnail","hentry","category-corporativo","category-torneos","tag-campeon","tag-campeonato","tag-federacion","tag-torneo"],"aioseo_notices":[],"_links":{"self":[{"href":"https:\/\/www.elbosquegolf.com\/en\/wp-json\/wp\/v2\/posts\/25337","targetHints":{"allow":["GET"]}}],"collection":[{"href":"https:\/\/www.elbosquegolf.com\/en\/wp-json\/wp\/v2\/posts"}],"about":[{"href":"https:\/\/www.elbosquegolf.com\/en\/wp-json\/wp\/v2\/types\/post"}],"author":[{"embeddable":true,"href":"https:\/\/www.elbosquegolf.com\/en\/wp-json\/wp\/v2\/users\/2"}],"replies":[{"embeddable":true,"href":"https:\/\/www.elbosquegolf.com\/en\/wp-json\/wp\/v2\/comments?post=25337"}],"version-history":[{"count":0,"href":"https:\/\/www.elbosquegolf.com\/en\/wp-json\/wp\/v2\/posts\/25337\/revisions"}],"wp:featuredmedia":[{"embeddable":true,"href":"https:\/\/www.elbosquegolf.com\/en\/wp-json\/wp\/v2\/media\/25338"}],"wp:attachment":[{"href":"https:\/\/www.elbosquegolf.com\/en\/wp-json\/wp\/v2\/media?parent=25337"}],"wp:term":[{"taxonomy":"category","embeddable":true,"href":"https:\/\/www.elbosquegolf.com\/en\/wp-json\/wp\/v2\/categories?post=25337"},{"taxonomy":"post_tag","embeddable":true,"href":"https:\/\/www.elbosquegolf.com\/en\/wp-json\/wp\/v2\/tags?post=25337"}],"curies":[{"name":"wp","href":"https:\/\/api.w.org\/{rel}","templated":true}]}}