{"id":25257,"date":"2020-07-20T15:07:40","date_gmt":"2020-07-20T13:07:40","guid":{"rendered":"https:\/\/www.elbosquegolf.com\/?p=25257"},"modified":"2020-07-20T15:15:11","modified_gmt":"2020-07-20T13:15:11","slug":"exito-de-nuestros-socios-en-competiciones-federativas","status":"publish","type":"post","link":"https:\/\/www.elbosquegolf.com\/en\/exito-de-nuestros-socios-en-competiciones-federativas\/","title":{"rendered":"\u00c9xito de nuestros socios en competiciones federativas"},"content":{"rendered":"\n<p>El pasado fin de semana, 18 y 19 de julio, ha resultado muy positivo en t\u00e9rminos deportivos para nuestros club. Esto ha sido gracias a las victorias, en competiciones federativa, de Jos\u00e9 Antonio Torres y In\u00e9s S\u00e1nchez L\u00f3pez. <\/p>\n\n\n\n<p>Jos\u00e9 Antonio Torres se proclam\u00f3 campe\u00f3n scrath en la prueba del Circuito Masculino y Femenino CV disputada este s\u00e1bado pasado en Villaitana (Benidorm). Estuvo inmenso con una gran vuelta de 3 bajo par del campo. Esto le sirvi\u00f3 para llegar a lo m\u00e1s alto de la clasificaci\u00f3n, imponi\u00e9ndose a un elenco de grandes jugadores. <\/p>\n\n\n\n<p>Al  d\u00eda siguiente, en ese mismo campo, nuestra jugadora In\u00e9s Sanchez L\u00f3pez gan\u00f3 en el Campeonato Femenino de la Comunidad Valenciana de 2\u00aa,  3\u00aa, 4\u00aa y 5\u00aa categor\u00eda.<\/p>\n\n\n\n<p>Desde el Club queremos felicitarles por su gran victoria, sin duda fruto del esfuerzo y dedicaci\u00f3n.<\/p>\n","protected":false},"excerpt":{"rendered":"<p>El pasado fin de semana, 18 y 19 de julio, ha resultado muy positivo en t\u00e9rminos deportivos para nuestros club. Esto ha sido gracias a las victorias, en competiciones federativa, de Jos\u00e9 Antonio Torres y In\u00e9s S\u00e1nchez L\u00f3pez. Jos\u00e9 Antonio Torres se proclam\u00f3 campe\u00f3n scrath en la prueba del Circuito Masculino y Femenino CV disputada este s\u00e1bado pasado en Villaitana<\/p>\n<div class=\"h10\"><\/div>\n<p><a class=\"more-link2 flat\" href=\"https:\/\/www.elbosquegolf.com\/en\/exito-de-nuestros-socios-en-competiciones-federativas\/\">Read more<\/a><\/p>\n","protected":false},"author":2,"featured_media":25259,"comment_status":"closed","ping_status":"closed","sticky":false,"template":"","format":"standard","meta":{"footnotes":""},"categories":[31],"tags":[42,40,41],"class_list":["post-25257","post","type-post","status-publish","format-standard","has-post-thumbnail","hentry","category-corporativo","tag-campeonato","tag-competicion","tag-socios"],"aioseo_notices":[],"_links":{"self":[{"href":"https:\/\/www.elbosquegolf.com\/en\/wp-json\/wp\/v2\/posts\/25257","targetHints":{"allow":["GET"]}}],"collection":[{"href":"https:\/\/www.elbosquegolf.com\/en\/wp-json\/wp\/v2\/posts"}],"about":[{"href":"https:\/\/www.elbosquegolf.com\/en\/wp-json\/wp\/v2\/types\/post"}],"author":[{"embeddable":true,"href":"https:\/\/www.elbosquegolf.com\/en\/wp-json\/wp\/v2\/users\/2"}],"replies":[{"embeddable":true,"href":"https:\/\/www.elbosquegolf.com\/en\/wp-json\/wp\/v2\/comments?post=25257"}],"version-history":[{"count":0,"href":"https:\/\/www.elbosquegolf.com\/en\/wp-json\/wp\/v2\/posts\/25257\/revisions"}],"wp:featuredmedia":[{"embeddable":true,"href":"https:\/\/www.elbosquegolf.com\/en\/wp-json\/wp\/v2\/media\/25259"}],"wp:attachment":[{"href":"https:\/\/www.elbosquegolf.com\/en\/wp-json\/wp\/v2\/media?parent=25257"}],"wp:term":[{"taxonomy":"category","embeddable":true,"href":"https:\/\/www.elbosquegolf.com\/en\/wp-json\/wp\/v2\/categories?post=25257"},{"taxonomy":"post_tag","embeddable":true,"href":"https:\/\/www.elbosquegolf.com\/en\/wp-json\/wp\/v2\/tags?post=25257"}],"curies":[{"name":"wp","href":"https:\/\/api.w.org\/{rel}","templated":true}]}}